{"id":2357,"date":"2013-04-07T14:50:09","date_gmt":"2013-04-07T12:50:09","guid":{"rendered":"http:\/\/www.lijstcalimero.nl\/?p=2357"},"modified":"2016-07-13T22:12:54","modified_gmt":"2016-07-13T20:12:54","slug":"bsa-in-meerdere-jaren-en-learning-communities-waar-staat-de-rug","status":"publish","type":"post","link":"https:\/\/www.lijstcalimero.nl\/en\/2013\/04\/bsa-in-meerdere-jaren-en-learning-communities-waar-staat-de-rug\/","title":{"rendered":"BSA in meerdere jaren, waar staat de RUG?"},"content":{"rendered":"<p style=\"text-align: justify;\"><a href=\"http:\/\/www.lijstcalimero.nl\/wp-content\/uploads\/pt_2027_1197_o.jpg\"><img loading=\"lazy\" decoding=\"async\" class=\"wp-image-2358 alignright\" alt=\"pt_2027_1197_o\" src=\"http:\/\/www.lijstcalimero.nl\/wp-content\/uploads\/pt_2027_1197_o.jpg\" width=\"235\" height=\"192\" \/><\/a><em>Afgelopen jaar is er veel ophef geweest binnen de universiteit over mogelijke jaarklassen\u00a0en het bindend studieadvies (BSA) in het tweede jaar. Op 12 maart jongstleden kondigde minister Bussemaker (OCW) een\u00a0experimentwet aan voor hoger onderwijs waarmee een BSA in meerdere\u00a0jaren en een jaarklassensysteem mogelijk wordt. Het wordt voor universiteiten mogelijk om een\u00a0BSA in het tweede jaar van de bachelor in te voeren en aan het \u00a0HBO geldt dat voor het tweede en derde studiejaar. <\/em><!--more--><\/p>\n<p style=\"text-align: justify;\">In het derde jaar van de universitaire bachelor en in het\u00a0vierde jaar van de HBO bachelor kan een jaarklassensysteem worden ingevoerd, dit\u00a0betekent dat de resultaten in dat jaar komen te vervallen en de student het gehele jaar over\u00a0moet doen.\u00a0Binnen de RUG spelen deze idee\u00ebn al langer, maar of de RUG ook mee zal doen aan deze\u00a0experimentwet is nog onduidelijk. In de universiteitsraadvergadering van mei zal hierover\u00a0gediscussieerd worden en zal er een keuze gemaakt worden.<\/p>\n<p style=\"text-align: justify;\">Lijst Calimero wil samen met de gehele studentgeleding voorkomen dat er verdere dwingende\u00a0maatregelen worden ingevoerd. Wij zijn positiever over het idee van de rector om \u2018learning communities\u2019 in te voeren. Dit houdt in dat studenten zullen plaatsnemen in\u00a0leergemeenschappen. Studenten zullen daarmee meer gebruik gaan maken van elkaars fysieke\u00a0aanwezigheid: samen studeren en elkaar ook motiveren om te gaan studeren.<\/p>\n<p style=\"text-align: justify;\">Rector Magnificus Elmer Sterken heeft momenteel drie vormen in gedachten:<br \/>\n&#8211; Programma niveau: vooral in je eerste, tweede en mogelijke ook in je\u00a0derde studiejaar met een vaste groep ongeveer 3 vakken per jaar volgen. Aan deze groep\u00a0zal ook een docent gebonden zijn, die je begeleidt en waarmee open discussies mee\u00a0kunnen worden gevoerd<\/p>\n<p style=\"text-align: justify;\">&#8211; Cursus niveau: per vak een community cre\u00eberen. Een paar voorbeelden\u00a0hiervan zijn \u2018project-bases courses\u2019, waar verschillende jaren werken aan \u00e9\u00e9n project en de &#8216;international classroom&#8217;, waar verschillende nationaliteiten in \u00e9\u00e9n college en minoren plaatsnemen.<\/p>\n<p style=\"text-align: justify;\">&#8211; Gemixte variant: een hele brede vorm van een learning community. Dit zou\u00a0bijvoorbeeld een\u00a0studenten-, studie- of sportvereniging kunnen zijn, maar ook\u00a0bijvoorbeeld het Honours College. Een\u00a0duidelijkere varian is \u2018freshment\u00a0and specialization\u2019: je hebt eerst een\u00a0gemeenschappelijk jaar waarna je een\u00a0specialisatie kiest. Elke specialisatiegroep zal dan een learning\u00a0community kunnen\u00a0worden.<\/p>\n<p style=\"text-align: justify;\">De studentgeleding van de universiteitsraad ziet deze maatregelen als vervanging voor alle\u00a0dwingende maatregelen zoals ook in de experimentwet genoemd. Momenteel proberen wij\u00a0ons hard te maken voor dit project door verschillende plannen hierover uit te werken en\u00a0draagvlak onder de studenten te vinden. Heb je zelf goede idee\u00ebn? Schroom vooral niet omhiervoor contact met ons op te nemen!<\/p>\n","protected":false},"excerpt":{"rendered":"<p>Afgelopen jaar is er veel ophef geweest binnen de universiteit over mogelijke jaarklassen\u00a0en het bindend studieadvies (BSA) in het tweede jaar. Op 12 maart jongstleden kondigde minister Bussemaker (OCW) een\u00a0experimentwet aan voor hoger onderwijs waarmee een BSA in meerdere\u00a0jaren en een jaarklassensysteem mogelijk wordt. Het wordt voor universiteiten mogelijk om een\u00a0BSA in het tweede jaar [&hellip;]<\/p>\n","protected":false},"author":1,"featured_media":0,"comment_status":"open","ping_status":"open","sticky":false,"template":"","format":"standard","meta":{"_et_pb_use_builder":"","_et_pb_old_content":"","footnotes":""},"categories":[613],"tags":[513,558],"class_list":["post-2357","post","type-post","status-publish","format-standard","hentry","category-nieuws","tag-bindend-studieadvies","tag-learning-community"],"_links":{"self":[{"href":"https:\/\/www.lijstcalimero.nl\/en\/wp-json\/wp\/v2\/posts\/2357","targetHints":{"allow":["GET"]}}],"collection":[{"href":"https:\/\/www.lijstcalimero.nl\/en\/wp-json\/wp\/v2\/posts"}],"about":[{"href":"https:\/\/www.lijstcalimero.nl\/en\/wp-json\/wp\/v2\/types\/post"}],"author":[{"embeddable":true,"href":"https:\/\/www.lijstcalimero.nl\/en\/wp-json\/wp\/v2\/users\/1"}],"replies":[{"embeddable":true,"href":"https:\/\/www.lijstcalimero.nl\/en\/wp-json\/wp\/v2\/comments?post=2357"}],"version-history":[{"count":1,"href":"https:\/\/www.lijstcalimero.nl\/en\/wp-json\/wp\/v2\/posts\/2357\/revisions"}],"predecessor-version":[{"id":6074,"href":"https:\/\/www.lijstcalimero.nl\/en\/wp-json\/wp\/v2\/posts\/2357\/revisions\/6074"}],"wp:attachment":[{"href":"https:\/\/www.lijstcalimero.nl\/en\/wp-json\/wp\/v2\/media?parent=2357"}],"wp:term":[{"taxonomy":"category","embeddable":true,"href":"https:\/\/www.lijstcalimero.nl\/en\/wp-json\/wp\/v2\/categories?post=2357"},{"taxonomy":"post_tag","embeddable":true,"href":"https:\/\/www.lijstcalimero.nl\/en\/wp-json\/wp\/v2\/tags?post=2357"}],"curies":[{"name":"wp","href":"https:\/\/api.w.org\/{rel}","templated":true}]}}